{"id":31851,"date":"2023-07-07T09:19:23","date_gmt":"2023-07-07T09:19:23","guid":{"rendered":"https:\/\/fxglobe.wpenginepowered.com\/?p=31851"},"modified":"2026-03-18T11:13:38","modified_gmt":"2026-03-18T11:13:38","slug":"la-renta-variable-hace-caso-omiso-a-la-recesion","status":"publish","type":"post","link":"https:\/\/www.fxglobe.com\/es\/la-renta-variable-hace-caso-omiso-a-la-recesion\/","title":{"rendered":"La Renta Variable Hace Caso Omiso A La Recesi\u00f3n"},"content":{"rendered":"\n<p>Empezamos una semana con poca <a href=\"https:\/\/www.fxglobe.com\/es\/posible-abc-en-uk100\/\" data-type=\"post\" data-id=\"29783\">volatilidad en las bolsas<\/a> americanas, debido al festivo del 4 de julio, el D\u00eda de la Independencia. Por lo tanto seguimos con los principales selectivos muy cerca de los m\u00e1ximos anuales. <\/p>\n\n\n\n<p>Y ojo, a corto plazo no esperamos que vengan correcciones, la tendencia de momento es clara, y lo m\u00e1s normal es que si no vemos pautas de agotamiento o finalizaci\u00f3n esto contin\u00fae subiendo o en un lateral alcista.<\/p>\n\n\n\n<p>En el art\u00edculo de hoy veremos m\u00e9tricas de porqu\u00e9 creemos que la <a href=\"https:\/\/www.fxglobe.com\/es\/seguimos-la-correccion-en-hk50\/\" data-type=\"post\" data-id=\"27396\">renta variable<\/a> americana deber\u00eda corregir en el medio plazo debido a la <strong>inevitable recesi\u00f3n<\/strong> que tendremos. Hablaremos de la inversi\u00f3n de la curva de tipos, de los PMIs y de la liquidez que meten los Bancos Centrales en las econom\u00edas<\/p>\n\n\n\n<h2 class=\"wp-block-heading\">Anticipando la Inminente Recesi\u00f3n en Estados Unidos: Indicadores y Perspectivas<\/h2>\n\n\n\n<p>Desde nuestra perspectiva, va a venir una recesi\u00f3n a Estados Unidos. Ya vemos que en algunos pa\u00edses como <strong>Alemania o Reino Unido en la zona europea<\/strong> ya la tenemos y entendemos que se agravar\u00e1 con el paso de los meses. <\/p>\n\n\n\n<p>El indicador m\u00e1s fiable hist\u00f3ricamente para detectar si vendr\u00e1 o no un proceso recesivo es la inversi\u00f3n de la curva de tipos. Os compartimos este gr\u00e1fico de <a href=\"https:\/\/www.fxglobe.com\/es\/posible-acumulacion-en-bank-of-america\/\" data-type=\"post\" data-id=\"24547\">Bank Of America<\/a>, donde se ve c\u00f3mo se invirti\u00f3 en 2022\/23, estando en uno de los niveles de inversi\u00f3n m\u00e1s grandes de la historia.<\/p>\n\n\n\n<figure class=\"wp-block-image aligncenter size-full\"><img fetchpriority=\"high\" decoding=\"async\" width=\"702\" height=\"526\" src=\"https:\/\/www.fxglobe.com\/wp-content\/uploads\/2023\/07\/curva-de-tipos.png\" alt=\"La Renta Variable  \" class=\"wp-image-31864\" srcset=\"https:\/\/www.fxglobe.com\/wp-content\/uploads\/2023\/07\/curva-de-tipos.png 702w, https:\/\/www.fxglobe.com\/wp-content\/uploads\/2023\/07\/curva-de-tipos-300x225.png 300w\" sizes=\"(max-width: 702px) 100vw, 702px\" \/><\/figure>\n\n\n\n<p>Insistimos que es una m\u00e9trica muy fiable. La \u00faltima vez que fallo fue en 1965. Veremos esta vez que pasa, nuestra opini\u00f3n es que <strong>vendr\u00e1 recesi\u00f3n<\/strong>. Ya veremos si en el \u00faltimo trimestre del 2023 o en el primero del 2024.<\/p>\n\n\n\n<h2 class=\"wp-block-heading\">Divergencia entre Indicadores Econ\u00f3micos y Mercados Burs\u00e1tiles: El Papel de los PMIs<\/h2>\n\n\n\n<p>Tambi\u00e9n estamos en una semana donde conoceremos datos importantes de los PMIs. Estos indicadores tambi\u00e9n est\u00e1n mostrando posible desaceleraci\u00f3n, pero tampoco parece que las bolsas hagan caso a estas m\u00e9tricas. <\/p>\n\n\n\n<p>Os comparto tambi\u00e9n este gr\u00e1fico de <a href=\"https:\/\/www.bloomberg.com\/\" target=\"_blank\" rel=\"noreferrer noopener\">Bloomberg<\/a>, donde se ve la divergencia tremenda de tendencias entre el MSCI World (que es el \u00edndice de la bolsa mundial) y los datos de PMI. Nuestra idea es que ese gap que se crea debido a la divergencia se vaya cerrando.<\/p>\n\n\n\n<figure class=\"wp-block-image aligncenter size-large\"><img decoding=\"async\" width=\"1024\" height=\"576\" src=\"https:\/\/www.fxglobe.com\/wp-content\/uploads\/2023\/07\/recesion-1024x576.jpg\" alt=\"La Renta Variable Hace Caso Omiso A La Recesi\u00f3n \" class=\"wp-image-31874\" srcset=\"https:\/\/www.fxglobe.com\/wp-content\/uploads\/2023\/07\/recesion-1024x576.jpg 1024w, https:\/\/www.fxglobe.com\/wp-content\/uploads\/2023\/07\/recesion-300x169.jpg 300w, https:\/\/www.fxglobe.com\/wp-content\/uploads\/2023\/07\/recesion-768x432.jpg 768w, https:\/\/www.fxglobe.com\/wp-content\/uploads\/2023\/07\/recesion.jpg 1200w\" sizes=\"(max-width: 1024px) 100vw, 1024px\" \/><\/figure>\n\n\n\n<p>Otro indicador muy fiable para analizar el comportamiento de las bolsas americanas, es seguir el balance de la Reserva Federal o la liquidez que meten en el sistema. <\/p>\n\n\n\n<p>En los \u00faltimos 15 a\u00f1os, la correlaci\u00f3n entre el <strong>S&amp;P50<\/strong>0 y el balance de la <a href=\"https:\/\/www.fxglobe.com\/es\/the-fed-and-the-fang\/\" data-type=\"post\" data-id=\"24494\">FED<\/a> ha sido de casi un 90%, por lo que es una de las m\u00e9tricas m\u00e1s relevantes a analizar. Os comparto este gr\u00e1fico abajo donde vemos el hist\u00f3rico de esta <a href=\"https:\/\/www.fxglobe.com\/es\/elliot-en-usdchf\/\" data-type=\"post\" data-id=\"24558\">alta correlaci\u00f3n<\/a>.<\/p>\n\n\n\n<figure class=\"wp-block-image aligncenter size-full\"><img decoding=\"async\" width=\"665\" height=\"417\" src=\"https:\/\/www.fxglobe.com\/wp-content\/uploads\/2023\/07\/correlacion-sp-balence.png\" alt=\"La Renta Variable Hace Caso Omiso A La Recesi\u00f3n - correlaci\u00f3n SP balance\" class=\"wp-image-31884\" srcset=\"https:\/\/www.fxglobe.com\/wp-content\/uploads\/2023\/07\/correlacion-sp-balence.png 665w, https:\/\/www.fxglobe.com\/wp-content\/uploads\/2023\/07\/correlacion-sp-balence-300x188.png 300w\" sizes=\"(max-width: 665px) 100vw, 665px\" \/><\/figure>\n\n\n\n<p>En el gr\u00e1fico, adem\u00e1s, podemos apreciar como aqu\u00ed tambi\u00e9n se est\u00e1 abriendo un gap (hueco) entre ambas l\u00edneas tendenciales, por lo que entendemos que lo m\u00e1s normal es que se tienda a cerrar. <\/p>\n\n\n\n<p>Ojo, esto no tiene por qu\u00e9 ser el mes que viene, ya sabemos que puede haber un decalaje de tiempo hasta que esto suceda. Nosotros simplemente nos planteamos nuestro escenario para el medio plazo.<\/p>\n\n\n\n<h2 class=\"wp-block-heading\">Conclusi\u00f3n: Riesgos y Oportunidades en el Contexto de un Posible Ciclo Recesivo<\/h2>\n\n\n\n<p>La conclusi\u00f3n es que el mercado siempre puede hacer lo que quiera, nadie tiene la verdad absoluta con lo que podr\u00e1 pasar en el futuro. Pero adem\u00e1s del an\u00e1lisis t\u00e9cnico, que en TradingPRO es lo que nos da el timing de entrada en \u00faltima instancia, conviene analizar y estudiar el <a href=\"https:\/\/www.fxglobe.com\/es\/seguimos-la-correccion-en-hk50\/\" data-type=\"post\" data-id=\"27396\">ciclo econ\u00f3mico<\/a> y en qu\u00e9 parte de \u00e9l estamos. <\/p>\n\n\n\n<p>En este sentido, nosotros esperamos que venga desaceleraci\u00f3n o incluso recesi\u00f3n, lo que en el pasado es normal que se ponga en precio cuando hablamos de las acciones y por lo tanto tambi\u00e9n de los \u00edndices en agregado. <\/p>\n\n\n\n<p>A corto plazo esto sigue siendo alcista, pero cuidado con las compras que la bolsa no est\u00e1 barata y <strong>el momento del ciclo econ\u00f3mico tampoco parece el m\u00e1s propicio<\/strong>.<\/p>\n","protected":false},"excerpt":{"rendered":"<p>Empezamos una semana con poca volatilidad en las bolsas americanas, debido al festivo del 4 de julio, el D\u00eda de la Independencia. Por lo tanto seguimos con los principales selectivos muy cerca de los m\u00e1ximos anuales. Y ojo, a corto plazo no esperamos que vengan correcciones, la tendencia de momento es clara, y lo m\u00e1s [&hellip;]<\/p>\n","protected":false},"author":17,"featured_media":31854,"comment_status":"closed","ping_status":"closed","sticky":false,"template":"","format":"standard","meta":{"_acf_changed":false,"_seopress_robots_primary_cat":"none","_seopress_titles_title":"Renta Variable Ignora Recesi\u00f3n |  %%sitetitle%%","_seopress_titles_desc":"An\u00e1lisis sobre c\u00f3mo la renta variable se comporta frente a la recesi\u00f3n. Perspectivas para traders.","_seopress_robots_index":"","footnotes":"","_links_to":"","_links_to_target":""},"categories":[161],"tags":[],"class_list":["post-31851","post","type-post","status-publish","format-standard","has-post-thumbnail","hentry","category-trading-information"],"acf":[],"_links":{"self":[{"href":"https:\/\/www.fxglobe.com\/es\/wp-json\/wp\/v2\/posts\/31851","targetHints":{"allow":["GET"]}}],"collection":[{"href":"https:\/\/www.fxglobe.com\/es\/wp-json\/wp\/v2\/posts"}],"about":[{"href":"https:\/\/www.fxglobe.com\/es\/wp-json\/wp\/v2\/types\/post"}],"author":[{"embeddable":true,"href":"https:\/\/www.fxglobe.com\/es\/wp-json\/wp\/v2\/users\/17"}],"replies":[{"embeddable":true,"href":"https:\/\/www.fxglobe.com\/es\/wp-json\/wp\/v2\/comments?post=31851"}],"version-history":[{"count":0,"href":"https:\/\/www.fxglobe.com\/es\/wp-json\/wp\/v2\/posts\/31851\/revisions"}],"wp:featuredmedia":[{"embeddable":true,"href":"https:\/\/www.fxglobe.com\/es\/wp-json\/wp\/v2\/media\/31854"}],"wp:attachment":[{"href":"https:\/\/www.fxglobe.com\/es\/wp-json\/wp\/v2\/media?parent=31851"}],"wp:term":[{"taxonomy":"category","embeddable":true,"href":"https:\/\/www.fxglobe.com\/es\/wp-json\/wp\/v2\/categories?post=31851"},{"taxonomy":"post_tag","embeddable":true,"href":"https:\/\/www.fxglobe.com\/es\/wp-json\/wp\/v2\/tags?post=31851"}],"curies":[{"name":"wp","href":"https:\/\/api.w.org\/{rel}","templated":true}]}}