{"id":38216,"date":"2023-10-03T12:26:25","date_gmt":"2023-10-03T12:26:25","guid":{"rendered":"https:\/\/fxglobe.wpenginepowered.com\/?p=38216"},"modified":"2023-10-03T12:26:27","modified_gmt":"2023-10-03T12:26:27","slug":"resumo-semanal-economia-mercados-e-politica-destaques-e-perspectivas","status":"publish","type":"post","link":"https:\/\/www.fxglobe.com\/pt-pt\/resumo-semanal-economia-mercados-e-politica-destaques-e-perspectivas\/","title":{"rendered":"Resumo Semanal: Economia, Mercados e Pol\u00edtica &#8211; Destaques e Perspectivas"},"content":{"rendered":"\n<p>Na \u00faltima semana, o Banco Central refor\u00e7ou cortes na taxa Selic, enquanto indicadores, como o IPCA-15 e desacelera\u00e7\u00e3o da infla\u00e7\u00e3o nos EUA, foram destaque. Nos pr\u00f3ximos dias, a aten\u00e7\u00e3o se volta para a atividade econ\u00f4mica, com a divulga\u00e7\u00e3o da balan\u00e7a comercial e dados do Caged. Al\u00e9m disso, proje\u00e7\u00f5es apontam para alta no IGP-DI e queda anual. <\/p>\n\n\n\n<p>Na agenda internacional, EUA, Alemanha, Reino Unido e Zona do Euro compartilham indicadores. Destaque pol\u00edtico \u00e9 o debate sobre medidas para cumprir a meta de d\u00e9ficit zero em 2024. Essa semana promete ser intensa nos mercados e na <a href=\"https:\/\/www.fxglobe.com\/pt-pt\/mesmo-com-exterior-operando-no-negativo-ibovespa-mostra-forca-e-sobe-dolar-se-mantem-estavel-em-relacao-ao-real\/\" data-type=\"post\" data-id=\"24528\">pol\u00edtica econ\u00f4mica<\/a>.<\/p>\n\n\n\n<p>A semana passada foi not\u00e1vel devido \u00e0 divulga\u00e7\u00e3o da ata do Copom, onde o Banco Central refor\u00e7ou seu compromisso com a continuidade dos cortes na taxa Selic, reduzindo-a em 0,5 ponto percentual. Al\u00e9m disso, diversos indicadores, tanto dom\u00e9sticos quanto internacionais, como o IPCA-15 em linha com as expectativas e a desacelera\u00e7\u00e3o da <a href=\"https:\/\/www.fxglobe.com\/pt-pt\/turbulencia-nos-mercados-financeiros-globais-bolsas-asiaticas-europeias-e-futuros-dos-eua-em-queda\/\" data-type=\"post\" data-id=\"36621\">infla\u00e7\u00e3o nos Estados Unidos<\/a>, capturaram a aten\u00e7\u00e3o.<\/p>\n\n\n\n<h2 class=\"wp-block-heading\">Nos pr\u00f3ximos dias, o foco se volta para a atividade econ\u00f4mica. <\/h2>\n\n\n\n<p>Na segunda-feira (2), est\u00e1 programada a divulga\u00e7\u00e3o da balan\u00e7a comercial e dos dados do Caged sobre a gera\u00e7\u00e3o de empregos formais. Originalmente previstos para 28 de setembro, esses n\u00fameros foram adiados para a pr\u00f3xima segunda-feira. O Ita\u00fa antecipa um aumento na cria\u00e7\u00e3o l\u00edquida de empregos.<\/p>\n\n\n\n<p>Na ter\u00e7a-feira (3), teremos a divulga\u00e7\u00e3o do <strong>\u00cdndice de Pre\u00e7os<\/strong> <strong>ao Consumidor <\/strong>pelo FIPE e os dados da Pesquisa Industrial Mensal pelo IBGE. Ao final da semana, na sexta-feira (6), est\u00e3o programadas as divulga\u00e7\u00f5es do IGP-DI mensal e anual, com as proje\u00e7\u00f5es do Ita\u00fa indicando um aumento de 0,16% e uma queda de 5,6%, respectivamente. Tamb\u00e9m na sexta-feira, a Anfavea apresentar\u00e1 os n\u00fameros da produ\u00e7\u00e3o e venda de ve\u00edculos em setembro.<\/p>\n\n\n\n<p>Destaque na agenda pol\u00edtica ser\u00e1 o avan\u00e7o das discuss\u00f5es sobre poss\u00edveis medidas de aumento de receita, essenciais para alcan\u00e7ar a meta de d\u00e9ficit zero at\u00e9 2024.<\/p>\n\n\n\n<h2 class=\"wp-block-heading\">Na agenda internacional<\/h2>\n\n\n\n<p>Nos Estados Unidos, a semana come\u00e7a com a divulga\u00e7\u00e3o dos dados do \u00edndice PMI S&amp;P Global e do \u00edndice ISM da ind\u00fastria de transforma\u00e7\u00e3o na segunda-feira. Esses mesmos indicadores, referentes a setembro, ser\u00e3o divulgados na mesma data pela Alemanha, Reino Unido e Zona do Euro.<\/p>\n\n\n\n<p>Na quarta-feira, haver\u00e1 a divulga\u00e7\u00e3o do \u00cdndice PMI S&amp;P Global, novamente pelos EUA, Alemanha, Reino Unido e Zona do Euro. Al\u00e9m disso, os EUA divulgar\u00e3o os dados de gera\u00e7\u00e3o de empregos e o \u00edndice ISM do setor de servi\u00e7os. A <a href=\"https:\/\/european-union.europa.eu\/institutions-law-budget\/euro\/countries-using-euro_en\" target=\"_blank\" rel=\"noreferrer noopener\">Zona do Euro<\/a> tamb\u00e9m apresentar\u00e1 seus n\u00fameros de Vendas no Varejo e \u00edndice de pre\u00e7os ao produtor.<\/p>\n\n\n\n<p>Na quinta-feira, ser\u00e3o apresentados os dados da balan\u00e7a comercial dos EUA e os n\u00fameros semanais de pedidos de aux\u00edlio-desemprego, que servem como um indicador importante do mercado de trabalho e, por conseguinte, da sa\u00fade da economia. Al\u00e9m disso, o Fed apresentar\u00e1 os dados de cr\u00e9dito ao consumidor.<\/p>\n\n\n\n<p>Topics:<\/p>\n\n\n\n<ol class=\"wp-block-list\">\n<li>Refor\u00e7o dos cortes na taxa Selic pelo Banco Central.<\/li>\n\n\n\n<li>Destaques econ\u00f4micos, incluindo IPCA-15 e desacelera\u00e7\u00e3o da infla\u00e7\u00e3o nos EUA.<\/li>\n\n\n\n<li>Pr\u00f3ximos eventos econ\u00f4micos, como a divulga\u00e7\u00e3o da balan\u00e7a comercial e dados do Caged.<\/li>\n\n\n\n<li>Proje\u00e7\u00f5es indicando aumento no IGP-DI e queda anual.<\/li>\n\n\n\n<li>Indicadores compartilhados entre EUA, Alemanha, Reino Unido e Zona do Euro.<\/li>\n\n\n\n<li>Discuss\u00f5es pol\u00edticas em torno de medidas para atingir a meta de d\u00e9ficit zero em 2024.<\/li>\n\n\n\n<li>Expectativa de uma semana intensa nos mercados e na pol\u00edtica econ\u00f4mica.<\/li>\n<\/ol>\n\n\n\n<h2 class=\"wp-block-heading\">Conclusion <\/h2>\n\n\n\n<p> Em conclus\u00e3o, a \u00faltima semana foi marcada por movimentos significativos no cen\u00e1rio econ\u00f4mico, com o Banco Central refor\u00e7ando os cortes na taxa Selic e indicadores importantes, como o IPCA-15, sinalizando tend\u00eancias relevantes. Os pr\u00f3ximos dias prometem manter o foco na atividade econ\u00f4mica, com divulga\u00e7\u00f5es esperadas da balan\u00e7a comercial e dados do Caged, juntamente com proje\u00e7\u00f5es de varia\u00e7\u00e3o no IGP-DI. <\/p>\n\n\n\n<p>Internacionalmente, <a href=\"https:\/\/www.fxglobe.com\/pt-pt\/semana-de-decisoes-rumos-da-politica-monetaria-e-indicadores-economicos-em-destaque\/\" data-type=\"post\" data-id=\"37783\">indicadores<\/a> compartilhados por diversas economias ser\u00e3o acompanhados de perto. Al\u00e9m disso, as discuss\u00f5es pol\u00edticas sobre medidas para alcan\u00e7ar a meta de d\u00e9ficit zero em 2024 est\u00e3o em destaque. <\/p>\n\n\n\n<p>Em suma, a semana se apresenta como um per\u00edodo de alta expectativa nos mercados e na pol\u00edtica econ\u00f4mica, com <strong>potencial para influenciar as dire\u00e7\u00f5es futuras.<\/strong><\/p>\n","protected":false},"excerpt":{"rendered":"<p>Na \u00faltima semana, o Banco Central refor\u00e7ou cortes na taxa Selic, enquanto indicadores, como o IPCA-15 e desacelera\u00e7\u00e3o da infla\u00e7\u00e3o nos EUA, foram destaque. Nos pr\u00f3ximos dias, a aten\u00e7\u00e3o se volta para a atividade econ\u00f4mica, com a divulga\u00e7\u00e3o da balan\u00e7a comercial e dados do Caged. Al\u00e9m disso, proje\u00e7\u00f5es apontam para alta no IGP-DI e queda [&hellip;]<\/p>\n","protected":false},"author":15,"featured_media":38219,"comment_status":"closed","ping_status":"closed","sticky":false,"template":"","format":"standard","meta":{"_acf_changed":false,"_seopress_robots_primary_cat":"none","_seopress_titles_title":"Economia, Mercados e Pol\u00edtica - FXGlobe\ud83d\udca1 ","_seopress_titles_desc":"Na agenda internacional, EUA, Alemanha, Reino Unido e Zona do Euro compartilham indicadores. ","_seopress_robots_index":"","footnotes":"","_links_to":"","_links_to_target":""},"categories":[1],"tags":[],"class_list":["post-38216","post","type-post","status-publish","format-standard","has-post-thumbnail","hentry","category-market-updates"],"acf":[],"_links":{"self":[{"href":"https:\/\/www.fxglobe.com\/pt-pt\/wp-json\/wp\/v2\/posts\/38216","targetHints":{"allow":["GET"]}}],"collection":[{"href":"https:\/\/www.fxglobe.com\/pt-pt\/wp-json\/wp\/v2\/posts"}],"about":[{"href":"https:\/\/www.fxglobe.com\/pt-pt\/wp-json\/wp\/v2\/types\/post"}],"author":[{"embeddable":true,"href":"https:\/\/www.fxglobe.com\/pt-pt\/wp-json\/wp\/v2\/users\/15"}],"replies":[{"embeddable":true,"href":"https:\/\/www.fxglobe.com\/pt-pt\/wp-json\/wp\/v2\/comments?post=38216"}],"version-history":[{"count":0,"href":"https:\/\/www.fxglobe.com\/pt-pt\/wp-json\/wp\/v2\/posts\/38216\/revisions"}],"wp:featuredmedia":[{"embeddable":true,"href":"https:\/\/www.fxglobe.com\/pt-pt\/wp-json\/wp\/v2\/media\/38219"}],"wp:attachment":[{"href":"https:\/\/www.fxglobe.com\/pt-pt\/wp-json\/wp\/v2\/media?parent=38216"}],"wp:term":[{"taxonomy":"category","embeddable":true,"href":"https:\/\/www.fxglobe.com\/pt-pt\/wp-json\/wp\/v2\/categories?post=38216"},{"taxonomy":"post_tag","embeddable":true,"href":"https:\/\/www.fxglobe.com\/pt-pt\/wp-json\/wp\/v2\/tags?post=38216"}],"curies":[{"name":"wp","href":"https:\/\/api.w.org\/{rel}","templated":true}]}}